{"id":1,"date":"2024-08-15T18:53:00","date_gmt":"2024-08-15T16:53:00","guid":{"rendered":"http:\/\/www.wandernundtanzen.de\/?p=1"},"modified":"2025-09-21T21:08:20","modified_gmt":"2025-09-21T19:08:20","slug":"hallo-welt","status":"publish","type":"post","link":"https:\/\/www.wandernundtanzen.de\/?p=1","title":{"rendered":"Wandern ist ein Zustand der Seele"},"content":{"rendered":"\n<p><\/p>\n\n\n<p><span style=\"color: #000080;\">Der alte Z\u00f6llnerpfad an der bretonischen C\u00f4tes d&#8216; Armor f\u00fchrt uns w\u00e4hrend unserer Wanderungen zu wunderbaren Ausblicken und in vielf\u00e4ltige Vegetation.<\/span><\/p>\n<p><span style=\"color: #000080;\">Imposante Steilk\u00fcsten, zerkl\u00fcftete Felsformationen und sanfte wei\u00dfe Sandbuchten wechseln sich ab. Sie pr\u00e4gen die Landschaft zwischen St. Malo und St. Brieuc, der C\u00f4te Emeraude, Smaragdk\u00fcste. Das Wechselspiel der Farben und der Gezeiten l\u00e4sst das K\u00fcstenbild immer wieder anders erscheinen. Je nach Wetter und Licht, kann man sich gar nicht sattsehen&#8230;<br \/><\/span><\/p>\n<p><span style=\"color: #000080;\">W\u00e4hrend unseres Aufenthalts starten wir an 5 Tagen von verschiedenen Orten meist direkt an der K\u00fcste oder auch mal im Inland zu unseren 2 &#8211; 4 st\u00fcndigen Wanderungen (Gehzeit). Es gibt immer eine M\u00f6glichkeit zum Verweilen, zum Picknicken oder zur Einkehr.<br \/><\/span><\/p>\n<p><span style=\"color: #000080;\">Die leichten und mittelschweren Wanderungen auf den K\u00fcstenpfaden, erfordern festes Schuhwerk und Trittsicherheit sowie auch etwas Kondition. Einzelne Abschnitte an dieser wunderbaren K\u00fcste k\u00f6nnen auch mal felsig und\/oder etwas steiler sein. Ein Tagesrucksack mit gen\u00fcgend zu Trinken, Regenjacke und Kopfbedeckung sollte auch dabei sein. Achtsamkeit ist immer gefragt bei den Naturwegen.\u00a0<\/span><\/p>\n\n\n<p><\/p>\n","protected":false},"excerpt":{"rendered":"<p>Der alte Z\u00f6llnerpfad an der bretonischen C\u00f4tes d&#8216; Armor f\u00fchrt uns w\u00e4hrend unserer Wanderungen zu wunderbaren Ausblicken und in vielf\u00e4ltige Vegetation. Imposante Steilk\u00fcsten, zerkl\u00fcftete Felsformationen und sanfte wei\u00dfe Sandbuchten wechseln sich ab. Sie pr\u00e4gen die Landschaft zwischen St. Malo und St. Brieuc, der C\u00f4te Emeraude, Smaragdk\u00fcste. Das Wechselspiel der Farben und der Gezeiten l\u00e4sst das &hellip; <\/p>\n<p class=\"link-more\"><a href=\"https:\/\/www.wandernundtanzen.de\/?p=1\" class=\"more-link\"><span class=\"screen-reader-text\">\u201eWandern ist ein Zustand der Seele\u201c<\/span> weiterlesen<\/a><\/p>\n","protected":false},"author":1,"featured_media":0,"comment_status":"open","ping_status":"open","sticky":false,"template":"","format":"standard","meta":{"footnotes":""},"categories":[6],"tags":[],"class_list":["post-1","post","type-post","status-publish","format-standard","hentry","category-reisebeschreibung"],"_links":{"self":[{"href":"https:\/\/www.wandernundtanzen.de\/index.php?rest_route=\/wp\/v2\/posts\/1","targetHints":{"allow":["GET"]}}],"collection":[{"href":"https:\/\/www.wandernundtanzen.de\/index.php?rest_route=\/wp\/v2\/posts"}],"about":[{"href":"https:\/\/www.wandernundtanzen.de\/index.php?rest_route=\/wp\/v2\/types\/post"}],"author":[{"embeddable":true,"href":"https:\/\/www.wandernundtanzen.de\/index.php?rest_route=\/wp\/v2\/users\/1"}],"replies":[{"embeddable":true,"href":"https:\/\/www.wandernundtanzen.de\/index.php?rest_route=%2Fwp%2Fv2%2Fcomments&post=1"}],"version-history":[{"count":24,"href":"https:\/\/www.wandernundtanzen.de\/index.php?rest_route=\/wp\/v2\/posts\/1\/revisions"}],"predecessor-version":[{"id":544,"href":"https:\/\/www.wandernundtanzen.de\/index.php?rest_route=\/wp\/v2\/posts\/1\/revisions\/544"}],"wp:attachment":[{"href":"https:\/\/www.wandernundtanzen.de\/index.php?rest_route=%2Fwp%2Fv2%2Fmedia&parent=1"}],"wp:term":[{"taxonomy":"category","embeddable":true,"href":"https:\/\/www.wandernundtanzen.de\/index.php?rest_route=%2Fwp%2Fv2%2Fcategories&post=1"},{"taxonomy":"post_tag","embeddable":true,"href":"https:\/\/www.wandernundtanzen.de\/index.php?rest_route=%2Fwp%2Fv2%2Ftags&post=1"}],"curies":[{"name":"wp","href":"https:\/\/api.w.org\/{rel}","templated":true}]}}